{"id":8715,"date":"2020-01-17T08:44:49","date_gmt":"2020-01-17T07:44:49","guid":{"rendered":"https:\/\/ogv-wurmberg.de\/cms\/?p=8715"},"modified":"2020-01-27T21:44:09","modified_gmt":"2020-01-27T20:44:09","slug":"beginn-des-neuen-gartenjahres","status":"publish","type":"post","link":"https:\/\/ogv-wurmberg.de\/cms\/beginn-des-neuen-gartenjahres\/","title":{"rendered":"Beginn des neuen Gartenjahres"},"content":{"rendered":"<p><strong>Allen Lesern des Blogs w\u00fcnsche ich viel Erfolg im neuen Gartenjahr!<\/strong><\/p>\n<p>Der Januar war bisher ungew\u00f6hnlich warm. Wobei man sich fragen muss, ob das, was man bisher als ungew\u00f6hnlich empfunden hat, nicht inzwischen normal ist. Laut Wettervorhersage soll es jetzt aber k\u00e4lter werden. Das sonnige warme Wetter hat mich animiert, einen Teil des Baum- und Strauchschnittes zu erledigen. Wie bereits im letzten Winter habe ich es darauf ankommen lassen und das Wurzelgem\u00fcse nicht eingelagert sondern im Beet gelassen. <a href=\"https:\/\/ogv-wurmberg.de\/cms\/wp-content\/uploads\/2020\/01\/gemjan20.jpg\"><img loading=\"lazy\" decoding=\"async\" class=\"aligncenter wp-image-8717 size-full\" src=\"https:\/\/ogv-wurmberg.de\/cms\/wp-content\/uploads\/2020\/01\/gemjan20.jpg\" alt=\"\" width=\"819\" height=\"958\" srcset=\"https:\/\/ogv-wurmberg.de\/cms\/wp-content\/uploads\/2020\/01\/gemjan20.jpg 819w, https:\/\/ogv-wurmberg.de\/cms\/wp-content\/uploads\/2020\/01\/gemjan20-256x300.jpg 256w, https:\/\/ogv-wurmberg.de\/cms\/wp-content\/uploads\/2020\/01\/gemjan20-768x898.jpg 768w\" sizes=\"auto, (max-width: 819px) 100vw, 819px\" \/><\/a><\/p>\n<p>Geerntet werden k\u00f6nnen im Freien also immer noch Steckr\u00fcben, Sellerie, Rettich, Pastinaken und Feldsalat. Im Beet finden sich au\u00dferdem Wirsing, Rotkohl, Gr\u00fcnkohl und Lauch und im Gew\u00e4chshaus Winterportulak, der allerdings noch wachsen muss. Auf dem Foto sehen wir au\u00dferdem noch die gekeimten Winterzwiebeln im Vordergrund, die ich im Sp\u00e4therbst gesteckt habe.<\/p>\n<p>Ansonsten haben wir nun bis Ende Februar Zeit, zu rekapitulieren, was beim Gem\u00fcseanbau im letzten Jahr nicht optimal war, und wie man dem in Zukunft begegnen kann. Danach schreiben wir den den neuen Anbauplan und besorgen die Samen f\u00fcr die Gem\u00fcse.<\/p>\n<p><a href=\"https:\/\/ogv-wurmberg.de\/cms\/wp-content\/uploads\/2017\/11\/rezlauchtarte.jpg\"><img loading=\"lazy\" decoding=\"async\" class=\"size-medium wp-image-4854 alignright\" src=\"https:\/\/ogv-wurmberg.de\/cms\/wp-content\/uploads\/2017\/11\/rezlauchtarte-300x225.jpg\" alt=\"\" width=\"300\" height=\"225\" srcset=\"https:\/\/ogv-wurmberg.de\/cms\/wp-content\/uploads\/2017\/11\/rezlauchtarte-300x225.jpg 300w, https:\/\/ogv-wurmberg.de\/cms\/wp-content\/uploads\/2017\/11\/rezlauchtarte-768x575.jpg 768w, https:\/\/ogv-wurmberg.de\/cms\/wp-content\/uploads\/2017\/11\/rezlauchtarte-1024x766.jpg 1024w, https:\/\/ogv-wurmberg.de\/cms\/wp-content\/uploads\/2017\/11\/rezlauchtarte.jpg 1828w\" sizes=\"auto, (max-width: 300px) 100vw, 300px\" \/><\/a>Ein geniales Gericht in dieser kalten Jahreszeit ist eine Lauchtarte, auf die wir uns ab dem Herbst schon freuen. Wir essen sie gern mit R\u00e4ucherlachs und Kr\u00e4uter-Creme-fraiche. F\u00fcr das Rezept <a href=\"https:\/\/ogv-wurmberg.de\/cms\/porree-rezepte\/\">hier weiter lesen<\/a>! Als Vorspeise eignet sich sehr gut eine Pastinakencremesuppe (Rezept <a href=\"https:\/\/ogv-wurmberg.de\/cms\/pastinaken-rezepte\/\">siehe hier!)<\/a>.<\/p>\n","protected":false},"excerpt":{"rendered":"<p>Allen Lesern des Blogs w\u00fcnsche ich viel Erfolg im neuen Gartenjahr! Der Januar war bisher ungew\u00f6hnlich warm. Wobei man sich fragen muss, ob das, was man bisher als ungew\u00f6hnlich empfunden hat, nicht inzwischen normal ist. Laut Wettervorhersage soll es jetzt aber k\u00e4lter werden. Das sonnige warme Wetter hat mich animiert, einen Teil des Baum- und [&hellip;]<\/p>\n","protected":false},"author":2,"featured_media":0,"comment_status":"open","ping_status":"closed","sticky":false,"template":"","format":"standard","meta":{"footnotes":""},"categories":[1],"tags":[47,89,45,81,147,11,83,182,107,100,44,160,95,36,34],"class_list":["post-8715","post","type-post","status-publish","format-standard","hentry","category-gemuesegarten","tag-feldsalat","tag-gemueseanbau","tag-karotten","tag-lauch","tag-lauchtarte","tag-mischkultur","tag-pastinaken","tag-pastinakencremesuppe","tag-reihenmischkultur","tag-rettich","tag-rote-bete","tag-selbstversorger","tag-selbstversorgung","tag-sellerie","tag-steckrueben"],"_links":{"self":[{"href":"https:\/\/ogv-wurmberg.de\/cms\/wp-json\/wp\/v2\/posts\/8715","targetHints":{"allow":["GET"]}}],"collection":[{"href":"https:\/\/ogv-wurmberg.de\/cms\/wp-json\/wp\/v2\/posts"}],"about":[{"href":"https:\/\/ogv-wurmberg.de\/cms\/wp-json\/wp\/v2\/types\/post"}],"author":[{"embeddable":true,"href":"https:\/\/ogv-wurmberg.de\/cms\/wp-json\/wp\/v2\/users\/2"}],"replies":[{"embeddable":true,"href":"https:\/\/ogv-wurmberg.de\/cms\/wp-json\/wp\/v2\/comments?post=8715"}],"version-history":[{"count":8,"href":"https:\/\/ogv-wurmberg.de\/cms\/wp-json\/wp\/v2\/posts\/8715\/revisions"}],"predecessor-version":[{"id":8769,"href":"https:\/\/ogv-wurmberg.de\/cms\/wp-json\/wp\/v2\/posts\/8715\/revisions\/8769"}],"wp:attachment":[{"href":"https:\/\/ogv-wurmberg.de\/cms\/wp-json\/wp\/v2\/media?parent=8715"}],"wp:term":[{"taxonomy":"category","embeddable":true,"href":"https:\/\/ogv-wurmberg.de\/cms\/wp-json\/wp\/v2\/categories?post=8715"},{"taxonomy":"post_tag","embeddable":true,"href":"https:\/\/ogv-wurmberg.de\/cms\/wp-json\/wp\/v2\/tags?post=8715"}],"curies":[{"name":"wp","href":"https:\/\/api.w.org\/{rel}","templated":true}]}}