{"id":8891,"date":"2020-04-15T21:11:08","date_gmt":"2020-04-15T19:11:08","guid":{"rendered":"https:\/\/ogv-wurmberg.de\/cms\/?p=8891"},"modified":"2020-04-18T21:06:14","modified_gmt":"2020-04-18T19:06:14","slug":"mitte-april","status":"publish","type":"post","link":"https:\/\/ogv-wurmberg.de\/cms\/mitte-april\/","title":{"rendered":"Mitte April"},"content":{"rendered":"<p>Weil der Wetterbericht f\u00fcr die n\u00e4chste Zeit warme Durchschnittstemperaturen voraussagt hat und meine Saaten gut gekeimt sind, habe ich jetzt das Vlies entfernt. F\u00fcr die Katzen aus der Nachbarschaft wird die Fl\u00e4che uninteressant, sobald die Saat aufgegangen ist. Jetzt ist es Zeit, um L\u00fccken in den Reihen nachzus\u00e4en. Dazu lege ich jeweils 2 Bretter zwischen Spinat und Gem\u00fcsereihe, damit ich die L\u00fccken gut erreichen kann, ohne die bereits gekeimte Saat zu besch\u00e4digen.<\/p>\n<div id=\"attachment_7552\" style=\"width: 859px\" class=\"wp-caption alignleft\"><a href=\"https:\/\/ogv-wurmberg.de\/cms\/wp-content\/uploads\/2019\/04\/gemaprilanf19.jpg\"><img loading=\"lazy\" decoding=\"async\" aria-describedby=\"caption-attachment-7552\" class=\"wp-image-7552 size-large\" src=\"https:\/\/ogv-wurmberg.de\/cms\/wp-content\/uploads\/2019\/04\/gemaprilanf19-849x1024.jpg\" alt=\"\" width=\"849\" height=\"1024\" srcset=\"https:\/\/ogv-wurmberg.de\/cms\/wp-content\/uploads\/2019\/04\/gemaprilanf19-849x1024.jpg 849w, https:\/\/ogv-wurmberg.de\/cms\/wp-content\/uploads\/2019\/04\/gemaprilanf19-249x300.jpg 249w, https:\/\/ogv-wurmberg.de\/cms\/wp-content\/uploads\/2019\/04\/gemaprilanf19-768x926.jpg 768w\" sizes=\"auto, (max-width: 849px) 100vw, 849px\" \/><\/a><p id=\"caption-attachment-7552\" class=\"wp-caption-text\">Auf dem Foto ist im Vordergrund sehr gut die im Sp\u00e4therbst gesetzte Wintersteckzwiebelreihe zu sehen. Auch die Senfreihen, die als Vorkultur f\u00fcr die Tomaten gesetzt sind, sind schon gut gewachsen. In der Bildmitte sind die dicken Bohnen jetzt ca. 5 cm hoch.<\/p><\/div>\n<p>Seit 10 Jahren habe ich auch ein kleines Gew\u00e4chshaus, das sich an die S\u00fcdfront des Hauses anlehnt. Ich benutze es als Kaltgew\u00e4chshaus, d.h. es wird nicht beheizt. Wenn ich eine Heizung einbauen w\u00fcrde, br\u00e4uchte ich auch k\u00fcnstliches Licht im Winter. Dies ist mir zu aufwendig und f\u00fcr meine Zwecke auch nicht erforderlich. In jedem Jahr ziehen meine vorgezogenen Pfl\u00e4nzchen Anfang April von der Fensterbank im Haus ins Gew\u00e4chshaus um. Dies gilt f\u00fcr Tomaten, Auberginen, Paprika, Tomaten, Fr\u00fchkohl und Sellerie. Im Sommer wachsen dort nur die mediterranen Gem\u00fcse sowie Gurken und Basilikum. Die Fleischtomaten bleiben im Gew\u00e4chshaus, weil sie drau\u00dfen sehr sp\u00e4t reifen, die \u00fcbrigen Tomatensorten kommen nach den Eisheiligen ins Mischkulturbeet. Fr\u00fchkohl, Brokkoli und Kohlrabi pflanze ich ebenfalls im Mai ins Freiland. Unter Glas kann ich bei den mediterranen Gem\u00fcsen regelm\u00e4\u00dfig mit guten Ernten rechnen. Ein Nachteil ist aber, dass im Gew\u00e4chshaus h\u00e4ufiger mit Sch\u00e4dlingen und Krankheiten zu rechnen ist als in der Mischkultur drau\u00dfen, vor allem mit L\u00e4usen bei Auberginen und Paprika und mit echtem und falschem Mehltau bei den Gurken. Details zum Anbau der einzelnen Gem\u00fcsearten <a href=\"https:\/\/ogv-wurmberg.de\/cms\/gemuese-portraits\/\">siehe hier!<\/a><\/p>\n<div id=\"attachment_3967\" style=\"width: 310px\" class=\"wp-caption alignright\"><a href=\"https:\/\/ogv-wurmberg.de\/cms\/wp-content\/uploads\/2017\/04\/gemapril17.jpg\"><img loading=\"lazy\" decoding=\"async\" aria-describedby=\"caption-attachment-3967\" class=\"wp-image-3967 size-medium\" src=\"https:\/\/ogv-wurmberg.de\/cms\/wp-content\/uploads\/2017\/04\/gemapril17-300x169.jpg\" alt=\"\" width=\"300\" height=\"169\" srcset=\"https:\/\/ogv-wurmberg.de\/cms\/wp-content\/uploads\/2017\/04\/gemapril17-300x169.jpg 300w, https:\/\/ogv-wurmberg.de\/cms\/wp-content\/uploads\/2017\/04\/gemapril17-768x432.jpg 768w, https:\/\/ogv-wurmberg.de\/cms\/wp-content\/uploads\/2017\/04\/gemapril17-1024x576.jpg 1024w\" sizes=\"auto, (max-width: 300px) 100vw, 300px\" \/><\/a><p id=\"caption-attachment-3967\" class=\"wp-caption-text\">Vorgezogene Pflanzen Anfang April im Gew\u00e4chshaus<\/p><\/div>\n<p>Die restlichen Wintersteckzwiebeln und den Pfl\u00fccksalat aus dem Gew\u00e4chshaus m\u00fcssen wir jetzt langsam aufbrauchen. Indem ich den Boden mit Grabegabel und Hacke lockere, bereite ich ihn jetzt erst einmal f\u00fcr die kommenden Pflanzen vor. Die Mulchreste vom letzten Jahr bleiben einfach liegen. Weil im Winter selten gegossen wird, ist die Erde meist zu trocken. Deshalb gie\u00dfe ich die gesamte Fl\u00e4che gr\u00fcndlich, um das Bodenleben zu aktivieren. Die Tomatenpflanzen im Haus sind inzwischen gro\u00df genug, um sie in gr\u00f6\u00dfere T\u00f6pfe umzupflanzen und auf den Boden des Gew\u00e4chshauses umzusiedeln. Sie machen den Platz in der Wohnung frei f\u00fcr Gurken, Zucchini und K\u00fcrbisse, die ich jetzt in kleine T\u00f6pfe s\u00e4e und unter Folie auf die Heizung setze. Sobald sie gekeimt sind, kommen sie auf die Fensterbank ins Licht.<\/p>\n","protected":false},"excerpt":{"rendered":"<p>Weil der Wetterbericht f\u00fcr die n\u00e4chste Zeit warme Durchschnittstemperaturen voraussagt hat und meine Saaten gut gekeimt sind, habe ich jetzt das Vlies entfernt. F\u00fcr die Katzen aus der Nachbarschaft wird die Fl\u00e4che uninteressant, sobald die Saat aufgegangen ist. Jetzt ist es Zeit, um L\u00fccken in den Reihen nachzus\u00e4en. Dazu lege ich jeweils 2 Bretter zwischen [&hellip;]<\/p>\n","protected":false},"author":2,"featured_media":0,"comment_status":"open","ping_status":"closed","sticky":false,"template":"","format":"standard","meta":{"footnotes":""},"categories":[1],"tags":[168,55,75,93,62,63,61,48,89,169,33,209,60,11,56,179,107,69,160,36,74,103],"class_list":["post-8891","post","type-post","status-publish","format-standard","hentry","category-gemuesegarten","tag-april","tag-auberginen","tag-aussaat","tag-blog","tag-brokkoli","tag-fleischtomaten","tag-fruehkohl","tag-gartenmonat","tag-gemueseanbau","tag-gemueseblog","tag-gemuesegarten","tag-gurke","tag-kohlrabi","tag-mischkultur","tag-paprika","tag-pfluecksalat","tag-reihenmischkultur","tag-saat","tag-selbstversorger","tag-sellerie","tag-vlies","tag-zwiebeln"],"_links":{"self":[{"href":"https:\/\/ogv-wurmberg.de\/cms\/wp-json\/wp\/v2\/posts\/8891","targetHints":{"allow":["GET"]}}],"collection":[{"href":"https:\/\/ogv-wurmberg.de\/cms\/wp-json\/wp\/v2\/posts"}],"about":[{"href":"https:\/\/ogv-wurmberg.de\/cms\/wp-json\/wp\/v2\/types\/post"}],"author":[{"embeddable":true,"href":"https:\/\/ogv-wurmberg.de\/cms\/wp-json\/wp\/v2\/users\/2"}],"replies":[{"embeddable":true,"href":"https:\/\/ogv-wurmberg.de\/cms\/wp-json\/wp\/v2\/comments?post=8891"}],"version-history":[{"count":6,"href":"https:\/\/ogv-wurmberg.de\/cms\/wp-json\/wp\/v2\/posts\/8891\/revisions"}],"predecessor-version":[{"id":8897,"href":"https:\/\/ogv-wurmberg.de\/cms\/wp-json\/wp\/v2\/posts\/8891\/revisions\/8897"}],"wp:attachment":[{"href":"https:\/\/ogv-wurmberg.de\/cms\/wp-json\/wp\/v2\/media?parent=8891"}],"wp:term":[{"taxonomy":"category","embeddable":true,"href":"https:\/\/ogv-wurmberg.de\/cms\/wp-json\/wp\/v2\/categories?post=8891"},{"taxonomy":"post_tag","embeddable":true,"href":"https:\/\/ogv-wurmberg.de\/cms\/wp-json\/wp\/v2\/tags?post=8891"}],"curies":[{"name":"wp","href":"https:\/\/api.w.org\/{rel}","templated":true}]}}